{"id":1517,"date":"2021-06-18T03:57:54","date_gmt":"2021-06-18T01:57:54","guid":{"rendered":"https:\/\/ssa-architektur.com\/?p=1517"},"modified":"2026-03-26T07:56:11","modified_gmt":"2026-03-26T06:56:11","slug":"neumuenster","status":"publish","type":"post","link":"https:\/\/ssa-architektur.com\/en\/neumuenster\/","title":{"rendered":"Neum\u00fcnster"},"content":{"rendered":"<h4><span style=\"font-size: 18pt;\">Neum\u00fcnster<\/span><\/h4>\n<h5>New multipurpose building in Neum\u00fcnster -<\/h5>\n<h5>The multipurpose building accommodates care and leasure activities for asylum seekers and migrants, various school and further education facilities as well as an administration area. The green courtyard, the open ground floor and the generous landscaping around the building facilitate a bright and natural interior and enhance the quality of the users.<\/h5>\n<h5>The non-hierarchical organisation of the building leads to a high degree of flexibility in the operation of the building and can thus adapt easily to changing needs.<\/h5>\n<p><!--themify_builder_static--><!--\/themify_builder_static--><\/p>","protected":false},"excerpt":{"rendered":"<p>Neum\u00fcnster Neubau eines Multifunktionsgeb\u00e4udes in Neum\u00fcnster &#8211; Das Multifunktionsgeb\u00e4ude dient der Aufnahme von Betreuungs- und Freizeitaktivit\u00e4ten f\u00fcr Asylsuchende und Zuwanderer, verschiedener Schul- und Fortbildungseinrichtungen sowie einem Verwaltungsbereich. Der begr\u00fcnte Innenhof, das offene Erdgeschoss und die gro\u00dfz\u00fcgigen Au\u00dfenanlagen um das Geb\u00e4ude geben den Innenr\u00e4umen eine helles und nat\u00fcrliches Interieur und steigern die Aufenthaltsqualit\u00e4t. Die gleichberechtigte Raumordnung&hellip;<\/p>","protected":false},"author":1,"featured_media":1519,"comment_status":"open","ping_status":"open","sticky":false,"template":"","format":"standard","meta":{"_acf_changed":false,"footnotes":""},"categories":[1],"tags":[],"class_list":["post-1517","post","type-post","status-publish","format-standard","has-post-thumbnail","hentry","category-allgemein"],"acf":[],"_links":{"self":[{"href":"https:\/\/ssa-architektur.com\/en\/wp-json\/wp\/v2\/posts\/1517","targetHints":{"allow":["GET"]}}],"collection":[{"href":"https:\/\/ssa-architektur.com\/en\/wp-json\/wp\/v2\/posts"}],"about":[{"href":"https:\/\/ssa-architektur.com\/en\/wp-json\/wp\/v2\/types\/post"}],"author":[{"embeddable":true,"href":"https:\/\/ssa-architektur.com\/en\/wp-json\/wp\/v2\/users\/1"}],"replies":[{"embeddable":true,"href":"https:\/\/ssa-architektur.com\/en\/wp-json\/wp\/v2\/comments?post=1517"}],"version-history":[{"count":10,"href":"https:\/\/ssa-architektur.com\/en\/wp-json\/wp\/v2\/posts\/1517\/revisions"}],"predecessor-version":[{"id":1590,"href":"https:\/\/ssa-architektur.com\/en\/wp-json\/wp\/v2\/posts\/1517\/revisions\/1590"}],"wp:featuredmedia":[{"embeddable":true,"href":"https:\/\/ssa-architektur.com\/en\/wp-json\/wp\/v2\/media\/1519"}],"wp:attachment":[{"href":"https:\/\/ssa-architektur.com\/en\/wp-json\/wp\/v2\/media?parent=1517"}],"wp:term":[{"taxonomy":"category","embeddable":true,"href":"https:\/\/ssa-architektur.com\/en\/wp-json\/wp\/v2\/categories?post=1517"},{"taxonomy":"post_tag","embeddable":true,"href":"https:\/\/ssa-architektur.com\/en\/wp-json\/wp\/v2\/tags?post=1517"}],"curies":[{"name":"wp","href":"https:\/\/api.w.org\/{rel}","templated":true}]}}