{"id":801,"date":"2021-06-25T07:08:00","date_gmt":"2021-06-25T05:08:00","guid":{"rendered":"http:\/\/ssa-architektur.com\/?p=801"},"modified":"2026-03-26T08:00:26","modified_gmt":"2026-03-26T07:00:26","slug":"ma120","status":"publish","type":"post","link":"https:\/\/ssa-architektur.com\/en\/ma120\/","title":{"rendered":"Mendez Alvaro 120"},"content":{"rendered":"<h4>Mendez Alvaro 120<\/h4>\n<h5>New office building with mixed use on ground floor and parking in the basement in c\/ Mendez Alvaro 120, Madrid, Spain -<\/h5>\n<h5>The building represents the headquarters of an important Spanish oil company that contracts various scattered office building into one new headquarter. The building is positioned strategically in a developing area, located in the centre south of the Old Town, and forms part of an important contribution to an on-going development of the urban surroundings.<\/h5>","protected":false},"excerpt":{"rendered":"<p>Mendez Alvaro 120 Neubau eines Geb\u00e4udes mit B\u00fcrofl\u00e4che, Mischnutzung im Erdgeschoss und Parkgarage in zwei Untergeschossen in der c\/ Mendez Alvaro 120, Madrid, Spanien &#8211; Das Geb\u00e4ude repr\u00e4sentiert den Hauptsitz einer gro\u00dfen spanischen Erd\u00f6lfirma, die die verschiedenen B\u00fcrogeb\u00e4ude in einen gro\u00dfen Hauptsitz zusammenlegt. Hierbei wird das neue Geb\u00e4ude in einer sich neu entwickelnden zentralen Lage,&hellip;<\/p>","protected":false},"author":1,"featured_media":803,"comment_status":"open","ping_status":"open","sticky":false,"template":"","format":"standard","meta":{"_acf_changed":false,"footnotes":""},"categories":[1],"tags":[],"class_list":["post-801","post","type-post","status-publish","format-standard","has-post-thumbnail","hentry","category-allgemein"],"acf":[],"_links":{"self":[{"href":"https:\/\/ssa-architektur.com\/en\/wp-json\/wp\/v2\/posts\/801","targetHints":{"allow":["GET"]}}],"collection":[{"href":"https:\/\/ssa-architektur.com\/en\/wp-json\/wp\/v2\/posts"}],"about":[{"href":"https:\/\/ssa-architektur.com\/en\/wp-json\/wp\/v2\/types\/post"}],"author":[{"embeddable":true,"href":"https:\/\/ssa-architektur.com\/en\/wp-json\/wp\/v2\/users\/1"}],"replies":[{"embeddable":true,"href":"https:\/\/ssa-architektur.com\/en\/wp-json\/wp\/v2\/comments?post=801"}],"version-history":[{"count":9,"href":"https:\/\/ssa-architektur.com\/en\/wp-json\/wp\/v2\/posts\/801\/revisions"}],"predecessor-version":[{"id":1616,"href":"https:\/\/ssa-architektur.com\/en\/wp-json\/wp\/v2\/posts\/801\/revisions\/1616"}],"wp:featuredmedia":[{"embeddable":true,"href":"https:\/\/ssa-architektur.com\/en\/wp-json\/wp\/v2\/media\/803"}],"wp:attachment":[{"href":"https:\/\/ssa-architektur.com\/en\/wp-json\/wp\/v2\/media?parent=801"}],"wp:term":[{"taxonomy":"category","embeddable":true,"href":"https:\/\/ssa-architektur.com\/en\/wp-json\/wp\/v2\/categories?post=801"},{"taxonomy":"post_tag","embeddable":true,"href":"https:\/\/ssa-architektur.com\/en\/wp-json\/wp\/v2\/tags?post=801"}],"curies":[{"name":"wp","href":"https:\/\/api.w.org\/{rel}","templated":true}]}}